{"id":13959,"date":"2023-05-16T14:28:01","date_gmt":"2023-05-16T14:28:01","guid":{"rendered":"https:\/\/europelab.ca\/navigating-the-beauty-industry-choosing-the-right-skin-care-personal-care-manufacturer-for-your-brand\/"},"modified":"2025-04-14T19:49:31","modified_gmt":"2025-04-14T19:49:31","slug":"naviguer-dans-lindustrie-de-la-beaute-choisir-le-bon-fabricant-de-soins-de-la-peau-et-de-produits-de-soins-personnels-pour-votre-marque","status":"publish","type":"post","link":"https:\/\/europelab.ca\/fr\/naviguer-dans-lindustrie-de-la-beaute-choisir-le-bon-fabricant-de-soins-de-la-peau-et-de-produits-de-soins-personnels-pour-votre-marque\/","title":{"rendered":"Naviguer dans l&rsquo;industrie de la beaut\u00e9: choisir le bon fabricant de soins de la peau et de produits de soins personnels pour votre marque"},"content":{"rendered":"<p><div class=\"fusion-fullwidth fullwidth-box fusion-builder-row-1 fusion-flex-container nonhundred-percent-fullwidth non-hundred-percent-height-scrolling\" style=\"--awb-border-radius-top-left:0px;--awb-border-radius-top-right:0px;--awb-border-radius-bottom-right:0px;--awb-border-radius-bottom-left:0px;--awb-padding-top:0px;--awb-padding-right:0px;--awb-padding-bottom:0px;--awb-padding-left:0px;--awb-flex-wrap:wrap;\" ><div class=\"fusion-builder-row fusion-row fusion-flex-align-items-flex-start fusion-flex-content-wrap\" style=\"max-width:calc( 1375px + 0px );margin-left: calc(-0px \/ 2 );margin-right: calc(-0px \/ 2 );\"><div class=\"fusion-layout-column fusion_builder_column fusion-builder-column-0 fusion_builder_column_1_1 1_1 fusion-flex-column\" style=\"--awb-bg-size:cover;--awb-width-large:100%;--awb-margin-top-large:0px;--awb-spacing-right-large:0px;--awb-margin-bottom-large:0px;--awb-spacing-left-large:0px;--awb-width-medium:100%;--awb-spacing-right-medium:0px;--awb-spacing-left-medium:0px;--awb-width-small:100%;--awb-spacing-right-small:0px;--awb-spacing-left-small:0px;\"><div class=\"fusion-column-wrapper fusion-flex-justify-content-flex-start fusion-content-layout-column\"><div class=\"fusion-title title fusion-title-1 fusion-sep-none fusion-title-text fusion-title-size-two\" style=\"--awb-margin-bottom:30px;--awb-margin-top-small:10px;--awb-margin-bottom-small:10px;--awb-font-size:23px;\"><h2 class=\"fusion-title-heading title-heading-left\" style=\"font-family:&quot;Lora&quot;;font-style:normal;font-weight:700;margin:0;font-size:1em;\">Choisir le bon partenaire peut \u00eatre une t\u00e2che intimidante.<\/h2><\/div><div class=\"fusion-text fusion-text-1\"><p>Dans l&rsquo;industrie de la beaut\u00e9 dynamique d&rsquo;aujourd&rsquo;hui, le lancement de votre propre marque de soins de la peau et votre marque de soins personnels peut \u00eatre une entreprise passionnante et gratifiante. Cependant, choisir le bon partenaire peut \u00eatre une t\u00e2che intimidante. Le succ\u00e8s de votre marque repose sur la recherche d&rsquo;un fabricant de bonne r\u00e9putation qui correspond \u00e0 votre vision, \u00e0 vos valeurs, \u00e0 la qualit\u00e9 de vos produits et qui poss\u00e8de les certifications n\u00e9cessaires. Dans cet article de blog, nous vous guiderons \u00e0 travers les facteurs essentiels \u00e0 prendre en compte lors du choix du fabricant de soins de la peau et de soins personnels id\u00e9al pour votre marque.<\/p>\n<\/div><div class=\"fusion-text fusion-text-2\"><ol>\n<li><strong>D\u00e9finissez l&rsquo;identit\u00e9 et les objectifs de votre marque :<\/strong> Avant de vous lancer dans votre recherche, il est crucial de bien comprendre l&rsquo;identit\u00e9 et les objectifs de votre marque. D\u00e9finissez votre march\u00e9 cible, votre gamme de produits et vos valeurs fondamentales. En connaissant votre identit\u00e9 en tant que marque, vous pourrez identifier les fabricants qui partagent votre vision et qui poss\u00e8dent l&rsquo;expertise n\u00e9cessaire dans votre cr\u00e9neau.<\/li>\n<li><strong>Expertise et capacit\u00e9s de formulation :<\/strong> \u00c9valuez l&rsquo;expertise et les capacit\u00e9s de formulation d&rsquo;un fabricant pour vous assurer qu&rsquo;il est capable de r\u00e9pondre \u00e0 vos besoins sp\u00e9cifiques. Recherchez des fabricants sp\u00e9cialis\u00e9s dans les produits de soins de la peau et les produits de soins personnels avec une exp\u00e9rience av\u00e9r\u00e9e dans la production d&rsquo;articles de haute qualit\u00e9. Un fabricant ayant de l&rsquo;exp\u00e9rience dans la cat\u00e9gorie de produits souhait\u00e9e peut offrir des id\u00e9es pr\u00e9cieuses et une expertise technique pour donner vie \u00e0 votre vision.<\/li>\n<li><strong>Contr\u00f4le qualit\u00e9 et conformit\u00e9 :<\/strong> Maintenir une qualit\u00e9 constante des produits est primordial dans l&rsquo;industrie de la beaut\u00e9. Assurez-vous que le fabricant suit des mesures strictes de contr\u00f4le qualit\u00e9 et qu&rsquo;il respecte toutes les r\u00e9glementations et certifications pertinentes. Un fabricant dot\u00e9 de proc\u00e9dures solides de contr\u00f4le qualit\u00e9 contribuera \u00e0 pr\u00e9server la r\u00e9putation de votre marque et \u00e0 garantir la satisfaction des clients.<\/li>\n<li><strong>Certifications et normes :<\/strong> Les certifications garantissent l&rsquo;engagement d&rsquo;un fabricant envers la qualit\u00e9, la s\u00e9curit\u00e9 et les normes \u00e9thiques. Recherchez des certifications telles que les Bonnes Pratiques de Fabrication (BPF), ISO 9001 ou COSMOS par Ecocert Greenlife, qui d\u00e9montrent la conformit\u00e9 aux meilleures pratiques de l&rsquo;industrie. De plus, offrir des solutions de formulation consid\u00e9r\u00e9es comme respectueuses des animaux, v\u00e9ganes ou sans OGM peut correspondre aux valeurs de votre marque et attirer les consommateurs qui accordent de l&rsquo;importance \u00e0 ces facteurs.<\/li>\n<li><strong>\u00c9volutivit\u00e9 et capacit\u00e9 :<\/strong> Tenez compte du potentiel de croissance de votre marque et \u00e9valuez si le fabricant peut r\u00e9pondre \u00e0 vos besoins d&rsquo;expansion. \u00c9valuez sa capacit\u00e9 de production, les d\u00e9lais de livraison et sa capacit\u00e9 \u00e0 traiter des commandes plus importantes.S&rsquo;associer \u00e0 un fabricant capable de cro\u00eetre aux c\u00f4t\u00e9s de votre marque \u00e9vitera les goulots d&rsquo;\u00e9tranglement de production et les retards \u00e0 mesure que votre entreprise se d\u00e9veloppe.<\/li>\n<li><strong>Communication et Collaboration :<\/strong> Une communication ouverte et transparente est essentielle pour un partenariat r\u00e9ussi. Recherchez un fabricant qui valorise la collaboration et entretient une ligne de communication r\u00e9active. Des mises \u00e0 jour r\u00e9guli\u00e8res, des r\u00e9ponses rapides aux demandes et une volont\u00e9 de travailler en \u00e9troite collaboration avec vous pendant le processus de fabrication sont autant de signes d&rsquo;un partenaire fiable.<\/li>\n<li><strong>Personnalisation et Innovation :<\/strong> Si vous avez des formulations de produits uniques ou des exigences sp\u00e9cifiques en mati\u00e8re d\u2019emballage, assurez-vous que le fabricant peut r\u00e9pondre \u00e0 vos besoins de personnalisation. Collaborer avec un fabricant qui favorise l&rsquo;innovation et offre de la flexibilit\u00e9 en termes de formulations, d&rsquo;options d\u2019emballage et de d\u00e9veloppement de produits donnera \u00e0 votre marque un avantage concurrentiel sur le march\u00e9.<\/li>\n<li><strong>Responsabilit\u00e9 Sociale et Environnementale :<\/strong> De plus en plus, les consommateurs sont attir\u00e9s par les marques qui accordent la priorit\u00e9 \u00e0 la responsabilit\u00e9 sociale et environnementale. Renseignez-vous sur les pratiques de durabilit\u00e9 du fabricant, les politiques d&rsquo;approvisionnement \u00e9thique et leur engagement \u00e0 r\u00e9duire leur empreinte environnementale. Aligner votre marque avec un fabricant qui partage vos valeurs contribuera \u00e0 \u00e9tablir la confiance aupr\u00e8s de votre public cible.<\/li>\n<\/ol>\n<\/div><div class=\"fusion-title title fusion-title-2 fusion-sep-none fusion-title-text fusion-title-size-two\" style=\"--awb-margin-bottom:30px;--awb-margin-top-small:10px;--awb-margin-bottom-small:10px;--awb-font-size:23px;\"><h2 class=\"fusion-title-heading title-heading-left\" style=\"font-family:&quot;Lora&quot;;font-style:normal;font-weight:700;margin:0;font-size:1em;\">Le choix du bon fabricant de soins de la peau et de produits de soins personnels est une d\u00e9cision cruciale qui peut avoir un impact significatif sur le succ\u00e8s de votre marque.<\/h2><\/div><div class=\"fusion-text fusion-text-3\"><p>En tenant compte de facteurs tels que l&rsquo;expertise, le contr\u00f4le qualit\u00e9, les certifications, la scalabilit\u00e9, la communication, la personnalisation et la responsabilit\u00e9 sociale, vous pouvez faire un choix \u00e9clair\u00e9 qui correspond aux objectifs et aux valeurs de votre marque. Rappelez-vous qu&rsquo;un partenariat solide avec un fabricant certifi\u00e9 et fiable peut \u00eatre la base d&rsquo;une marque de beaut\u00e9 prosp\u00e8re et impactante.<\/p>\n<p>Veuillez notez que ce guide est disponible seulement en anglais.<\/p>\n<\/div><div ><a class=\"fusion-button button-flat fusion-button-default-size button-default fusion-button-default button-1 fusion-button-default-span fusion-button-default-type\" target=\"_self\" href=\"#\" data-toggle=\"modal\" data-target=\".fusion-modal.white_paper_four_fr\"><span class=\"fusion-button-text awb-button__text awb-button__text--default\">En savoir plus (pdf: 3.97MB)<\/span><\/a><\/div><div class=\"fusion-modal modal fade modal-1 white_paper_four_fr\" tabindex=\"-1\" role=\"dialog\" aria-labelledby=\"modal-heading-1\" aria-hidden=\"true\" style=\"--awb-border-color:#e2e2e2;--awb-background:#ffffff;\"><div class=\"modal-dialog modal-lg\" role=\"document\"><div class=\"modal-content fusion-modal-content\"><div class=\"modal-header\"><button class=\"close\" type=\"button\" data-dismiss=\"modal\" aria-hidden=\"true\" aria-label=\"Fermer\">&times;<\/button><h3 class=\"modal-title\" id=\"modal-heading-1\" data-dismiss=\"modal\" aria-hidden=\"true\">Europelab \u2013 Marque Priv\u00e9e, Simplifi\u00e9e. <\/h3><\/div><div class=\"modal-body fusion-clearfix\"><script>(function() {\n\twindow.mc4wp = window.mc4wp || {\n\t\tlisteners: [],\n\t\tforms: {\n\t\t\ton: function(evt, cb) {\n\t\t\t\twindow.mc4wp.listeners.push(\n\t\t\t\t\t{\n\t\t\t\t\t\tevent   : evt,\n\t\t\t\t\t\tcallback: cb\n\t\t\t\t\t}\n\t\t\t\t);\n\t\t\t}\n\t\t}\n\t}\n})();\n<\/script><!-- Mailchimp for WordPress v4.12.2 - https:\/\/wordpress.org\/plugins\/mailchimp-for-wp\/ --><form id=\"mc4wp-form-1\" class=\"mc4wp-form mc4wp-form-14852 mc4wp-form-styles-builder mc4wp-ajax\" method=\"post\" data-id=\"14852\" data-name=\"White Paper Form FR\" ><div class=\"mc4wp-form-fields\"><p>\r\n    <label>Nom et Pr\u00e9nom*<\/label>\r\n    <input type=\"text\" name=\"FNAME\">\r\n<\/p>\r\n<p>\r\n    <label>Email*<\/label>\r\n    <input type=\"email\" name=\"EMAIL\" required=\"\">\r\n<\/p>\r\n<p>\r\n    <label>T\u00e9l\u00e9phone*<\/label>\r\n    <input type=\"tel\" name=\"PHONENUM\">\r\n<\/p>\r\n<p>\r\n    <label>\r\n        <input type=\"checkbox\" name=\"AGREE_TO_TERMS\" value=\"1\" required=\"\"> En soumettant ce formulaire, vous consentez \u00e0 recevoir le livre blanc \u00e9ducatif demand\u00e9 par courriel et acceptez de recevoir des communications futures de la part d'Europelab. \r\n<br>Vous pouvez vous d\u00e9sabonner \u00e0 tout moment.\r\n\r\n<\/label>\r\n<\/p>\r\n\r\n<p>\r\n    <input type=\"hidden\" name=\"MMERGE12\" value=\"https:\/\/europelab.ca\/fr\/wp-json\/wp\/v2\/posts\/13959\/\">\r\n<\/p>\r\n\r\n<p>\r\n    <input type=\"submit\" value=\"Soumettre\">\r\n<\/p>\r\n\r\n<\/div><label style=\"display: none !important;\">Laissez ce champ vide si vous \u00eates humain\u00a0: <input type=\"text\" name=\"_mc4wp_honeypot\" value=\"\" tabindex=\"-1\" autocomplete=\"off\" \/><\/label><input type=\"hidden\" name=\"_mc4wp_timestamp\" value=\"1777592502\" \/><input type=\"hidden\" name=\"_mc4wp_form_id\" value=\"14852\" \/><input type=\"hidden\" name=\"_mc4wp_form_element_id\" value=\"mc4wp-form-1\" \/><div class=\"mc4wp-response\"><\/div><\/form><!-- \/ Mailchimp for WordPress Plugin --><\/div><div class=\"modal-footer\"><button class=\"fusion-button button-default button-medium button default medium\" type=\"button\" data-dismiss=\"modal\">Fermer<\/button><\/div><\/div><\/div><\/div><div class=\"fusion-text fusion-text-4\" style=\"--awb-margin-top:50px;\"><p>N\u2019h\u00e9sitez pas \u00e0 nous contacter pour plus de d\u00e9tails, que vous recherchiez un nouvel ajout \u00e0 une marque existante ou une gamme conceptuelle compl\u00e8te, nos experts sont l\u00e0 pour vous.<\/p>\n<\/div><div class=\"fusion-builder-row fusion-builder-row-inner fusion-row fusion-flex-align-items-flex-start fusion-flex-content-wrap\" style=\"--awb-flex-grow:0;--awb-flex-grow-medium:0;--awb-flex-grow-small:0;--awb-flex-shrink:0;--awb-flex-shrink-medium:0;--awb-flex-shrink-small:0;width:calc( 100% + 0px ) !important;max-width:calc( 100% + 0px ) !important;margin-left: calc(-0px \/ 2 );margin-right: calc(-0px \/ 2 );\"><div class=\"fusion-layout-column fusion_builder_column_inner fusion-builder-nested-column-0 fusion_builder_column_inner_1_1 1_1 fusion-flex-column\" style=\"--awb-padding-top:40px;--awb-padding-right:50px;--awb-padding-bottom:40px;--awb-padding-left:50px;--awb-bg-color:#f8f5ef;--awb-bg-color-hover:#f8f5ef;--awb-bg-size:cover;--awb-width-large:100%;--awb-margin-top-large:50px;--awb-spacing-right-large:0px;--awb-margin-bottom-large:50px;--awb-spacing-left-large:0px;--awb-width-medium:100%;--awb-order-medium:0;--awb-spacing-right-medium:0px;--awb-spacing-left-medium:0px;--awb-width-small:100%;--awb-order-small:0;--awb-spacing-right-small:0px;--awb-spacing-left-small:0px;\"><div class=\"fusion-column-wrapper fusion-column-has-shadow fusion-flex-justify-content-flex-start fusion-content-layout-column\"><div class=\"fusion-title title fusion-title-3 fusion-sep-none fusion-title-text fusion-title-size-two\" style=\"--awb-margin-bottom:25px;--awb-margin-top-small:10px;--awb-margin-bottom-small:10px;--awb-font-size:18px;\"><h2 class=\"fusion-title-heading title-heading-left\" style=\"font-family:&quot;Lora&quot;;font-style:normal;font-weight:700;margin:0;font-size:1em;\">D\u00e9couvrez Nos Formules<\/h2><\/div><div class=\"fusion-post-cards fusion-post-cards-1 fusion-grid-archive fusion-grid-columns-4\" style=\"--awb-columns-medium:100%;--awb-columns-small:100%;\" data-post-type-label=\"produits\"><ul class=\"fusion-grid fusion-grid-4 fusion-flex-align-items-flex-start fusion-grid-posts-cards\"><li class=\"fusion-layout-column fusion_builder_column fusion-builder-column-1 fusion-flex-column post-card fusion-grid-column fusion-post-cards-grid-column product-grid-view product type-product\" style=\"--awb-bg-blend:overlay;--awb-bg-size:cover;--awb-flex-grow:0;--awb-flex-shrink:0;--awb-flex-grow-medium:0;--awb-flex-shrink-medium:0;--awb-flex-grow-small:0;--awb-flex-shrink-small:0;\"><div class=\"fusion-column-wrapper fusion-flex-justify-content-flex-start fusion-content-layout-column\"><div class=\"fusion-classic-product-image-wrapper fusion-woo-product-image fusion-post-card-image fusion-post-card-image-1 images\" data-layout=\"rollover\" style=\"--awb-margin-bottom:15px;\"><div  class=\"woocommerce-product-gallery__image fusion-image-wrapper\" aria-haspopup=\"true\">\n\t\t\t\t<div class=\"fusion-woo-badges-wrapper\">\n<\/div><img decoding=\"async\" width=\"1200\" height=\"1200\" src=\"https:\/\/europelab.ca\/wp-content\/uploads\/2025\/09\/W_CLASSIC-COLLECTION_2025_GD-4400-N_Radiance-Serum-30ml.jpg\" class=\"attachment-full size-full lazyload wp-post-image\" alt=\"S\u00e9rum Radiance\" srcset=\"data:image\/svg+xml,%3Csvg%20xmlns%3D%27http%3A%2F%2Fwww.w3.org%2F2000%2Fsvg%27%20width%3D%271200%27%20height%3D%271200%27%20viewBox%3D%270%200%201200%201200%27%3E%3Crect%20width%3D%271200%27%20height%3D%271200%27%20fill-opacity%3D%220%22%2F%3E%3C%2Fsvg%3E\" data-orig-src=\"https:\/\/europelab.ca\/wp-content\/uploads\/2025\/09\/W_CLASSIC-COLLECTION_2025_GD-4400-N_Radiance-Serum-30ml.jpg\" data-srcset=\"https:\/\/europelab.ca\/wp-content\/uploads\/2025\/09\/W_CLASSIC-COLLECTION_2025_GD-4400-N_Radiance-Serum-30ml-200x200.jpg 200w, https:\/\/europelab.ca\/wp-content\/uploads\/2025\/09\/W_CLASSIC-COLLECTION_2025_GD-4400-N_Radiance-Serum-30ml-400x400.jpg 400w, https:\/\/europelab.ca\/wp-content\/uploads\/2025\/09\/W_CLASSIC-COLLECTION_2025_GD-4400-N_Radiance-Serum-30ml-600x600.jpg 600w, https:\/\/europelab.ca\/wp-content\/uploads\/2025\/09\/W_CLASSIC-COLLECTION_2025_GD-4400-N_Radiance-Serum-30ml-800x800.jpg 800w, https:\/\/europelab.ca\/wp-content\/uploads\/2025\/09\/W_CLASSIC-COLLECTION_2025_GD-4400-N_Radiance-Serum-30ml.jpg 1200w\" data-sizes=\"auto\" data-caption=\"S\u00e9rum Radiance\r\n\" data-src=\"https:\/\/europelab.ca\/wp-content\/uploads\/2025\/09\/W_CLASSIC-COLLECTION_2025_GD-4400-N_Radiance-Serum-30ml.jpg\" data-large_image=\"https:\/\/europelab.ca\/wp-content\/uploads\/2025\/09\/W_CLASSIC-COLLECTION_2025_GD-4400-N_Radiance-Serum-30ml.jpg\" data-large_image_width=\"1200\" data-large_image_height=\"1200\" \/><div class=\"fusion-rollover\">\n\t<div class=\"fusion-rollover-content\">\n\n\t\t\t\t\n\t\t\n\t\t\t\t\t\t\t\t\t\t\t\t<h4 class=\"fusion-rollover-title\">\n\t\t\t\t\t<a class=\"fusion-rollover-title-link\" href=\"https:\/\/europelab.ca\/fr\/produit\/serum-radiance\/\">\n\t\t\t\t\t\tS\u00e9rum Radiance\t\t\t\t\t<\/a>\n\t\t\t\t<\/h4>\n\t\t\t\n\t\t\t\t\t\t\t\t\n\t\t\n\t\t\t\t\t\t\t\t\t\t\t\t\t\t\t\n\t\t\t\t\t\t\n\t\t\t\t\t\t\t\t\t\t\t\t<a class=\"fusion-link-wrapper\" href=\"https:\/\/europelab.ca\/fr\/produit\/serum-radiance\/\" aria-label=\"S\u00e9rum Radiance\"><\/a>\n\t<\/div>\n<\/div>\n<\/div>\n<\/div><div class=\"fusion-title title fusion-title-4 fusion-sep-none fusion-title-text fusion-title-size-two\" style=\"--awb-margin-bottom:7px;--awb-margin-top-small:10px;--awb-margin-bottom-small:10px;--awb-font-size:15px;\"><h2 class=\"fusion-title-heading title-heading-left\" style=\"font-family:&quot;Roboto&quot;;font-style:normal;font-weight:400;margin:0;font-size:1em;\">S\u00e9rum Radiance<\/h2><\/div><div class=\"fusion-woo-price-tb fusion-woo-price-tb-1 sale-position-right has-border floated has-badge badge-position-right\" style=\"--awb-price-font-size:17px;--awb-sale-font-size:14px;--awb-badge-font-size:11px;--awb-badge-border-size:3px;--awb-badge-text-color:#ffffff;--awb-badge-bg-color:#8aada8;--awb-badge-border-color:#8aada8;--awb-border-radius:2px 2px 2px 2px;--awb-price-font-family:&quot;Roboto&quot;;--awb-price-font-style:normal;--awb-price-font-weight:700;--awb-sale-font-family:inherit;--awb-sale-font-style:normal;--awb-sale-font-weight:400;--awb-stock-font-family:inherit;--awb-stock-font-style:normal;--awb-stock-font-weight:400;--awb-badge-font-family:inherit;--awb-badge-font-style:normal;--awb-badge-font-weight:400;\"><p class=\"price\"><a href=\"tel:15143331432\"><span style=\"color:#68813C;font-size:80%;\"><i class=\"fa fa-phone\" aria-hidden=\"true\"><\/i> Prix Sur Demande<\/span><\/a><\/p>\n<\/div><\/div><\/li>\n<li class=\"fusion-layout-column fusion_builder_column fusion-builder-column-2 fusion-flex-column post-card fusion-grid-column fusion-post-cards-grid-column product-grid-view product type-product\" style=\"--awb-bg-blend:overlay;--awb-bg-size:cover;--awb-flex-grow:0;--awb-flex-shrink:0;--awb-flex-grow-medium:0;--awb-flex-shrink-medium:0;--awb-flex-grow-small:0;--awb-flex-shrink-small:0;\"><div class=\"fusion-column-wrapper fusion-flex-justify-content-flex-start fusion-content-layout-column\"><div class=\"fusion-classic-product-image-wrapper fusion-woo-product-image fusion-post-card-image fusion-post-card-image-1 images\" data-layout=\"rollover\" style=\"--awb-margin-bottom:15px;\"><div  class=\"woocommerce-product-gallery__image fusion-image-wrapper\" aria-haspopup=\"true\">\n\t\t\t\t<div class=\"fusion-woo-badges-wrapper\">\n<\/div><img decoding=\"async\" width=\"1200\" height=\"1200\" src=\"https:\/\/europelab.ca\/wp-content\/uploads\/2025\/09\/W_CLASSIC-COLLECTION_2025_F5-6700-N_Radiance-Cream-50g.jpg\" class=\"attachment-full size-full lazyload wp-post-image\" alt=\"Cr\u00e8me Radiance\" srcset=\"data:image\/svg+xml,%3Csvg%20xmlns%3D%27http%3A%2F%2Fwww.w3.org%2F2000%2Fsvg%27%20width%3D%271200%27%20height%3D%271200%27%20viewBox%3D%270%200%201200%201200%27%3E%3Crect%20width%3D%271200%27%20height%3D%271200%27%20fill-opacity%3D%220%22%2F%3E%3C%2Fsvg%3E\" data-orig-src=\"https:\/\/europelab.ca\/wp-content\/uploads\/2025\/09\/W_CLASSIC-COLLECTION_2025_F5-6700-N_Radiance-Cream-50g.jpg\" data-srcset=\"https:\/\/europelab.ca\/wp-content\/uploads\/2025\/09\/W_CLASSIC-COLLECTION_2025_F5-6700-N_Radiance-Cream-50g-200x200.jpg 200w, https:\/\/europelab.ca\/wp-content\/uploads\/2025\/09\/W_CLASSIC-COLLECTION_2025_F5-6700-N_Radiance-Cream-50g-400x400.jpg 400w, https:\/\/europelab.ca\/wp-content\/uploads\/2025\/09\/W_CLASSIC-COLLECTION_2025_F5-6700-N_Radiance-Cream-50g-600x600.jpg 600w, https:\/\/europelab.ca\/wp-content\/uploads\/2025\/09\/W_CLASSIC-COLLECTION_2025_F5-6700-N_Radiance-Cream-50g-800x800.jpg 800w, https:\/\/europelab.ca\/wp-content\/uploads\/2025\/09\/W_CLASSIC-COLLECTION_2025_F5-6700-N_Radiance-Cream-50g.jpg 1200w\" data-sizes=\"auto\" data-caption=\"Cr\u00e8me Radiance\r\n\" data-src=\"https:\/\/europelab.ca\/wp-content\/uploads\/2025\/09\/W_CLASSIC-COLLECTION_2025_F5-6700-N_Radiance-Cream-50g.jpg\" data-large_image=\"https:\/\/europelab.ca\/wp-content\/uploads\/2025\/09\/W_CLASSIC-COLLECTION_2025_F5-6700-N_Radiance-Cream-50g.jpg\" data-large_image_width=\"1200\" data-large_image_height=\"1200\" \/><div class=\"fusion-rollover\">\n\t<div class=\"fusion-rollover-content\">\n\n\t\t\t\t\n\t\t\n\t\t\t\t\t\t\t\t\t\t\t\t<h4 class=\"fusion-rollover-title\">\n\t\t\t\t\t<a class=\"fusion-rollover-title-link\" href=\"https:\/\/europelab.ca\/fr\/produit\/creme-radiance\/\">\n\t\t\t\t\t\tCr\u00e8me Radiance\t\t\t\t\t<\/a>\n\t\t\t\t<\/h4>\n\t\t\t\n\t\t\t\t\t\t\t\t\n\t\t\n\t\t\t\t\t\t\t\t\t\t\t\t\t\t\t\n\t\t\t\t\t\t\n\t\t\t\t\t\t\t\t\t\t\t\t<a class=\"fusion-link-wrapper\" href=\"https:\/\/europelab.ca\/fr\/produit\/creme-radiance\/\" aria-label=\"Cr\u00e8me Radiance\"><\/a>\n\t<\/div>\n<\/div>\n<\/div>\n<\/div><div class=\"fusion-title title fusion-title-5 fusion-sep-none fusion-title-text fusion-title-size-two\" style=\"--awb-margin-bottom:7px;--awb-margin-top-small:10px;--awb-margin-bottom-small:10px;--awb-font-size:15px;\"><h2 class=\"fusion-title-heading title-heading-left\" style=\"font-family:&quot;Roboto&quot;;font-style:normal;font-weight:400;margin:0;font-size:1em;\">Cr\u00e8me Radiance<\/h2><\/div><div class=\"fusion-woo-price-tb fusion-woo-price-tb-2 sale-position-right has-border floated has-badge badge-position-right\" style=\"--awb-price-font-size:17px;--awb-sale-font-size:14px;--awb-badge-font-size:11px;--awb-badge-border-size:3px;--awb-badge-text-color:#ffffff;--awb-badge-bg-color:#8aada8;--awb-badge-border-color:#8aada8;--awb-border-radius:2px 2px 2px 2px;--awb-price-font-family:&quot;Roboto&quot;;--awb-price-font-style:normal;--awb-price-font-weight:700;--awb-sale-font-family:inherit;--awb-sale-font-style:normal;--awb-sale-font-weight:400;--awb-stock-font-family:inherit;--awb-stock-font-style:normal;--awb-stock-font-weight:400;--awb-badge-font-family:inherit;--awb-badge-font-style:normal;--awb-badge-font-weight:400;\"><p class=\"price\"><a href=\"tel:15143331432\"><span style=\"color:#68813C;font-size:80%;\"><i class=\"fa fa-phone\" aria-hidden=\"true\"><\/i> Prix Sur Demande<\/span><\/a><\/p>\n<\/div><\/div><\/li>\n<li class=\"fusion-layout-column fusion_builder_column fusion-builder-column-3 fusion-flex-column post-card fusion-grid-column fusion-post-cards-grid-column product-grid-view product type-product\" style=\"--awb-bg-blend:overlay;--awb-bg-size:cover;--awb-flex-grow:0;--awb-flex-shrink:0;--awb-flex-grow-medium:0;--awb-flex-shrink-medium:0;--awb-flex-grow-small:0;--awb-flex-shrink-small:0;\"><div class=\"fusion-column-wrapper fusion-flex-justify-content-flex-start fusion-content-layout-column\"><div class=\"fusion-classic-product-image-wrapper fusion-woo-product-image fusion-post-card-image fusion-post-card-image-1 images\" data-layout=\"rollover\" style=\"--awb-margin-bottom:15px;\"><div  class=\"woocommerce-product-gallery__image fusion-image-wrapper\" aria-haspopup=\"true\">\n\t\t\t\t<div class=\"fusion-woo-badges-wrapper\">\n<\/div><img decoding=\"async\" width=\"1200\" height=\"1200\" src=\"https:\/\/europelab.ca\/wp-content\/uploads\/2025\/02\/Organic-Eye-Contour-Patches.jpg\" class=\"attachment-full size-full lazyload wp-post-image\" alt=\"Patchs Contour Des Yeux Biologiques\" srcset=\"data:image\/svg+xml,%3Csvg%20xmlns%3D%27http%3A%2F%2Fwww.w3.org%2F2000%2Fsvg%27%20width%3D%271200%27%20height%3D%271200%27%20viewBox%3D%270%200%201200%201200%27%3E%3Crect%20width%3D%271200%27%20height%3D%271200%27%20fill-opacity%3D%220%22%2F%3E%3C%2Fsvg%3E\" data-orig-src=\"https:\/\/europelab.ca\/wp-content\/uploads\/2025\/02\/Organic-Eye-Contour-Patches.jpg\" data-srcset=\"https:\/\/europelab.ca\/wp-content\/uploads\/2025\/02\/Organic-Eye-Contour-Patches-200x200.jpg 200w, https:\/\/europelab.ca\/wp-content\/uploads\/2025\/02\/Organic-Eye-Contour-Patches-400x400.jpg 400w, https:\/\/europelab.ca\/wp-content\/uploads\/2025\/02\/Organic-Eye-Contour-Patches-600x600.jpg 600w, https:\/\/europelab.ca\/wp-content\/uploads\/2025\/02\/Organic-Eye-Contour-Patches-800x800.jpg 800w, https:\/\/europelab.ca\/wp-content\/uploads\/2025\/02\/Organic-Eye-Contour-Patches.jpg 1200w\" data-sizes=\"auto\" data-caption=\"Patchs Contour Des Yeux Biologiques\" data-src=\"https:\/\/europelab.ca\/wp-content\/uploads\/2025\/02\/Organic-Eye-Contour-Patches.jpg\" data-large_image=\"https:\/\/europelab.ca\/wp-content\/uploads\/2025\/02\/Organic-Eye-Contour-Patches.jpg\" data-large_image_width=\"1200\" data-large_image_height=\"1200\" \/><div class=\"fusion-rollover\">\n\t<div class=\"fusion-rollover-content\">\n\n\t\t\t\t\n\t\t\n\t\t\t\t\t\t\t\t\t\t\t\t<h4 class=\"fusion-rollover-title\">\n\t\t\t\t\t<a class=\"fusion-rollover-title-link\" href=\"https:\/\/europelab.ca\/fr\/produit\/patchs-contour-des-yeux-biologiques\/\">\n\t\t\t\t\t\tPatchs Contour Des Yeux Biologiques\t\t\t\t\t<\/a>\n\t\t\t\t<\/h4>\n\t\t\t\n\t\t\t\t\t\t\t\t\n\t\t\n\t\t\t\t\t\t\t\t\t\t\t\t\t\t\t\n\t\t\t\t\t\t\n\t\t\t\t\t\t\t\t\t\t\t\t<a class=\"fusion-link-wrapper\" href=\"https:\/\/europelab.ca\/fr\/produit\/patchs-contour-des-yeux-biologiques\/\" aria-label=\"Patchs Contour Des Yeux Biologiques\"><\/a>\n\t<\/div>\n<\/div>\n<\/div>\n<\/div><div class=\"fusion-title title fusion-title-6 fusion-sep-none fusion-title-text fusion-title-size-two\" style=\"--awb-margin-bottom:7px;--awb-margin-top-small:10px;--awb-margin-bottom-small:10px;--awb-font-size:15px;\"><h2 class=\"fusion-title-heading title-heading-left\" style=\"font-family:&quot;Roboto&quot;;font-style:normal;font-weight:400;margin:0;font-size:1em;\">Patchs Contour Des Yeux Biologiques<\/h2><\/div><div class=\"fusion-woo-price-tb fusion-woo-price-tb-3 sale-position-right has-border floated has-badge badge-position-right\" style=\"--awb-price-font-size:17px;--awb-sale-font-size:14px;--awb-badge-font-size:11px;--awb-badge-border-size:3px;--awb-badge-text-color:#ffffff;--awb-badge-bg-color:#8aada8;--awb-badge-border-color:#8aada8;--awb-border-radius:2px 2px 2px 2px;--awb-price-font-family:&quot;Roboto&quot;;--awb-price-font-style:normal;--awb-price-font-weight:700;--awb-sale-font-family:inherit;--awb-sale-font-style:normal;--awb-sale-font-weight:400;--awb-stock-font-family:inherit;--awb-stock-font-style:normal;--awb-stock-font-weight:400;--awb-badge-font-family:inherit;--awb-badge-font-style:normal;--awb-badge-font-weight:400;\"><p class=\"price\"><a href=\"tel:15143331432\"><span style=\"color:#68813C;font-size:80%;\"><i class=\"fa fa-phone\" aria-hidden=\"true\"><\/i> Prix Sur Demande<\/span><\/a><\/p>\n<\/div><\/div><\/li>\n<li class=\"fusion-layout-column fusion_builder_column fusion-builder-column-4 fusion-flex-column post-card fusion-grid-column fusion-post-cards-grid-column product-grid-view product type-product\" style=\"--awb-bg-blend:overlay;--awb-bg-size:cover;--awb-flex-grow:0;--awb-flex-shrink:0;--awb-flex-grow-medium:0;--awb-flex-shrink-medium:0;--awb-flex-grow-small:0;--awb-flex-shrink-small:0;\"><div class=\"fusion-column-wrapper fusion-flex-justify-content-flex-start fusion-content-layout-column\"><div class=\"fusion-classic-product-image-wrapper fusion-woo-product-image fusion-post-card-image fusion-post-card-image-1 images\" data-layout=\"rollover\" style=\"--awb-margin-bottom:15px;\"><div  class=\"woocommerce-product-gallery__image fusion-image-wrapper\" aria-haspopup=\"true\">\n\t\t\t\t<div class=\"fusion-woo-badges-wrapper\">\n<\/div><img decoding=\"async\" width=\"1200\" height=\"1200\" src=\"https:\/\/europelab.ca\/wp-content\/uploads\/2023\/11\/ORGANIC-COLLECTION_Ingrown-Hair-30ml.jpg\" class=\"attachment-full size-full lazyload wp-post-image\" alt=\"Huile Poils Incarn\u00e9s\" srcset=\"data:image\/svg+xml,%3Csvg%20xmlns%3D%27http%3A%2F%2Fwww.w3.org%2F2000%2Fsvg%27%20width%3D%271200%27%20height%3D%271200%27%20viewBox%3D%270%200%201200%201200%27%3E%3Crect%20width%3D%271200%27%20height%3D%271200%27%20fill-opacity%3D%220%22%2F%3E%3C%2Fsvg%3E\" data-orig-src=\"https:\/\/europelab.ca\/wp-content\/uploads\/2023\/11\/ORGANIC-COLLECTION_Ingrown-Hair-30ml.jpg\" data-srcset=\"https:\/\/europelab.ca\/wp-content\/uploads\/2023\/11\/ORGANIC-COLLECTION_Ingrown-Hair-30ml-200x200.jpg 200w, https:\/\/europelab.ca\/wp-content\/uploads\/2023\/11\/ORGANIC-COLLECTION_Ingrown-Hair-30ml-400x400.jpg 400w, https:\/\/europelab.ca\/wp-content\/uploads\/2023\/11\/ORGANIC-COLLECTION_Ingrown-Hair-30ml-600x600.jpg 600w, https:\/\/europelab.ca\/wp-content\/uploads\/2023\/11\/ORGANIC-COLLECTION_Ingrown-Hair-30ml-800x800.jpg 800w, https:\/\/europelab.ca\/wp-content\/uploads\/2023\/11\/ORGANIC-COLLECTION_Ingrown-Hair-30ml.jpg 1200w\" data-sizes=\"auto\" data-caption=\"Huile Poils Incarn\u00e9s\" data-src=\"https:\/\/europelab.ca\/wp-content\/uploads\/2023\/11\/ORGANIC-COLLECTION_Ingrown-Hair-30ml.jpg\" data-large_image=\"https:\/\/europelab.ca\/wp-content\/uploads\/2023\/11\/ORGANIC-COLLECTION_Ingrown-Hair-30ml.jpg\" data-large_image_width=\"1200\" data-large_image_height=\"1200\" \/><div class=\"fusion-rollover\">\n\t<div class=\"fusion-rollover-content\">\n\n\t\t\t\t\n\t\t\n\t\t\t\t\t\t\t\t\t\t\t\t<h4 class=\"fusion-rollover-title\">\n\t\t\t\t\t<a class=\"fusion-rollover-title-link\" href=\"https:\/\/europelab.ca\/fr\/produit\/huile-poils-incarnes\/\">\n\t\t\t\t\t\tHuile Poils Incarn\u00e9s\t\t\t\t\t<\/a>\n\t\t\t\t<\/h4>\n\t\t\t\n\t\t\t\t\t\t\t\t\n\t\t\n\t\t\t\t\t\t\t\t\t\t\t\t\t\t\t\n\t\t\t\t\t\t\n\t\t\t\t\t\t\t\t\t\t\t\t<a class=\"fusion-link-wrapper\" href=\"https:\/\/europelab.ca\/fr\/produit\/huile-poils-incarnes\/\" aria-label=\"Huile Poils Incarn\u00e9s\"><\/a>\n\t<\/div>\n<\/div>\n<\/div>\n<\/div><div class=\"fusion-title title fusion-title-7 fusion-sep-none fusion-title-text fusion-title-size-two\" style=\"--awb-margin-bottom:7px;--awb-margin-top-small:10px;--awb-margin-bottom-small:10px;--awb-font-size:15px;\"><h2 class=\"fusion-title-heading title-heading-left\" style=\"font-family:&quot;Roboto&quot;;font-style:normal;font-weight:400;margin:0;font-size:1em;\">Huile Poils Incarn\u00e9s<\/h2><\/div><div class=\"fusion-woo-price-tb fusion-woo-price-tb-4 sale-position-right has-border floated has-badge badge-position-right\" style=\"--awb-price-font-size:17px;--awb-sale-font-size:14px;--awb-badge-font-size:11px;--awb-badge-border-size:3px;--awb-badge-text-color:#ffffff;--awb-badge-bg-color:#8aada8;--awb-badge-border-color:#8aada8;--awb-border-radius:2px 2px 2px 2px;--awb-price-font-family:&quot;Roboto&quot;;--awb-price-font-style:normal;--awb-price-font-weight:700;--awb-sale-font-family:inherit;--awb-sale-font-style:normal;--awb-sale-font-weight:400;--awb-stock-font-family:inherit;--awb-stock-font-style:normal;--awb-stock-font-weight:400;--awb-badge-font-family:inherit;--awb-badge-font-style:normal;--awb-badge-font-weight:400;\"><p class=\"price\"><a href=\"tel:15143331432\"><span style=\"color:#68813C;font-size:80%;\"><i class=\"fa fa-phone\" aria-hidden=\"true\"><\/i> Prix Sur Demande<\/span><\/a><\/p>\n<\/div><\/div><\/li>\n<\/ul><\/div><\/div><\/div><\/div><\/div><\/div><\/div><\/div><div class=\"fusion-fullwidth fullwidth-box fusion-builder-row-2 fusion-flex-container nonhundred-percent-fullwidth non-hundred-percent-height-scrolling\" style=\"--awb-border-radius-top-left:0px;--awb-border-radius-top-right:0px;--awb-border-radius-bottom-right:0px;--awb-border-radius-bottom-left:0px;--awb-flex-wrap:wrap;\" ><\/div><\/p>\n","protected":false},"excerpt":{"rendered":"<p>Le choix du bon fabricant de soins de la peau et de produits de soins personnels est une d\u00e9cision cruciale qui peut avoir un impact significatif sur le succ\u00e8s de votre marque. <\/p>\n","protected":false},"author":1,"featured_media":13955,"comment_status":"open","ping_status":"open","sticky":false,"template":"","format":"standard","meta":{"mc4wp_mailchimp_campaign":[],"footnotes":""},"categories":[143,144],"tags":[],"class_list":["post-13959","post","type-post","status-publish","format-standard","has-post-thumbnail","hentry","category-formules","category-image-de-marque"],"yoast_head":"<!-- This site is optimized with the Yoast SEO plugin v27.5 - https:\/\/yoast.com\/product\/yoast-seo-wordpress\/ -->\n<title>Naviguer dans l&#039;industrie de la beaut\u00e9: choisir le bon fabricant de soins de la peau et de produits de soins personnels pour votre marque - Europelab<\/title>\n<meta name=\"description\" content=\"Le choix du bon fabricant de soins de la peau et de produits de soins personnels est une d\u00e9cision cruciale qui peut avoir un impact significatif sur le succ\u00e8s de votre marque.\" \/>\n<meta name=\"robots\" content=\"index, follow, max-snippet:-1, max-image-preview:large, max-video-preview:-1\" \/>\n<link rel=\"canonical\" href=\"https:\/\/europelab.ca\/fr\/naviguer-dans-lindustrie-de-la-beaute-choisir-le-bon-fabricant-de-soins-de-la-peau-et-de-produits-de-soins-personnels-pour-votre-marque\/\" \/>\n<meta property=\"og:locale\" content=\"fr_FR\" \/>\n<meta property=\"og:type\" content=\"article\" \/>\n<meta property=\"og:title\" content=\"Naviguer dans l&#039;industrie de la beaut\u00e9: choisir le bon fabricant de soins de la peau et de produits de soins personnels pour votre marque - Europelab\" \/>\n<meta property=\"og:description\" content=\"Le choix du bon fabricant de soins de la peau et de produits de soins personnels est une d\u00e9cision cruciale qui peut avoir un impact significatif sur le succ\u00e8s de votre marque.\" \/>\n<meta property=\"og:url\" content=\"https:\/\/europelab.ca\/fr\/naviguer-dans-lindustrie-de-la-beaute-choisir-le-bon-fabricant-de-soins-de-la-peau-et-de-produits-de-soins-personnels-pour-votre-marque\/\" \/>\n<meta property=\"og:site_name\" content=\"Europelab\" \/>\n<meta property=\"article:published_time\" content=\"2023-05-16T14:28:01+00:00\" \/>\n<meta property=\"article:modified_time\" content=\"2025-04-14T19:49:31+00:00\" \/>\n<meta property=\"og:image\" content=\"https:\/\/europelab.ca\/wp-content\/uploads\/2023\/05\/navigating-the-beauty-industry.jpg\" \/>\n\t<meta property=\"og:image:width\" content=\"1464\" \/>\n\t<meta property=\"og:image:height\" content=\"826\" \/>\n\t<meta property=\"og:image:type\" content=\"image\/jpeg\" \/>\n<meta name=\"author\" content=\"Europelab\" \/>\n<meta name=\"twitter:card\" content=\"summary_large_image\" \/>\n<script type=\"application\/ld+json\" class=\"yoast-schema-graph\">{\"@context\":\"https:\\\/\\\/schema.org\",\"@graph\":[{\"@type\":\"Article\",\"@id\":\"https:\\\/\\\/europelab.ca\\\/fr\\\/naviguer-dans-lindustrie-de-la-beaute-choisir-le-bon-fabricant-de-soins-de-la-peau-et-de-produits-de-soins-personnels-pour-votre-marque\\\/#article\",\"isPartOf\":{\"@id\":\"https:\\\/\\\/europelab.ca\\\/fr\\\/naviguer-dans-lindustrie-de-la-beaute-choisir-le-bon-fabricant-de-soins-de-la-peau-et-de-produits-de-soins-personnels-pour-votre-marque\\\/\"},\"author\":{\"name\":\"Europelab\",\"@id\":\"https:\\\/\\\/europelab.ca\\\/fr\\\/#\\\/schema\\\/person\\\/281d0f87de518f2a068018af04172b56\"},\"headline\":\"Naviguer dans l&rsquo;industrie de la beaut\u00e9: choisir le bon fabricant de soins de la peau et de produits de soins personnels pour votre marque\",\"datePublished\":\"2023-05-16T14:28:01+00:00\",\"dateModified\":\"2025-04-14T19:49:31+00:00\",\"mainEntityOfPage\":{\"@id\":\"https:\\\/\\\/europelab.ca\\\/fr\\\/naviguer-dans-lindustrie-de-la-beaute-choisir-le-bon-fabricant-de-soins-de-la-peau-et-de-produits-de-soins-personnels-pour-votre-marque\\\/\"},\"wordCount\":1776,\"commentCount\":0,\"image\":{\"@id\":\"https:\\\/\\\/europelab.ca\\\/fr\\\/naviguer-dans-lindustrie-de-la-beaute-choisir-le-bon-fabricant-de-soins-de-la-peau-et-de-produits-de-soins-personnels-pour-votre-marque\\\/#primaryimage\"},\"thumbnailUrl\":\"https:\\\/\\\/europelab.ca\\\/wp-content\\\/uploads\\\/2023\\\/05\\\/navigating-the-beauty-industry.jpg\",\"articleSection\":[\"Formules\",\"Image de marque\"],\"inLanguage\":\"fr-FR\",\"potentialAction\":[{\"@type\":\"CommentAction\",\"name\":\"Comment\",\"target\":[\"https:\\\/\\\/europelab.ca\\\/fr\\\/naviguer-dans-lindustrie-de-la-beaute-choisir-le-bon-fabricant-de-soins-de-la-peau-et-de-produits-de-soins-personnels-pour-votre-marque\\\/#respond\"]}]},{\"@type\":\"WebPage\",\"@id\":\"https:\\\/\\\/europelab.ca\\\/fr\\\/naviguer-dans-lindustrie-de-la-beaute-choisir-le-bon-fabricant-de-soins-de-la-peau-et-de-produits-de-soins-personnels-pour-votre-marque\\\/\",\"url\":\"https:\\\/\\\/europelab.ca\\\/fr\\\/naviguer-dans-lindustrie-de-la-beaute-choisir-le-bon-fabricant-de-soins-de-la-peau-et-de-produits-de-soins-personnels-pour-votre-marque\\\/\",\"name\":\"Naviguer dans l'industrie de la beaut\u00e9: choisir le bon fabricant de soins de la peau et de produits de soins personnels pour votre marque - Europelab\",\"isPartOf\":{\"@id\":\"https:\\\/\\\/europelab.ca\\\/fr\\\/#website\"},\"primaryImageOfPage\":{\"@id\":\"https:\\\/\\\/europelab.ca\\\/fr\\\/naviguer-dans-lindustrie-de-la-beaute-choisir-le-bon-fabricant-de-soins-de-la-peau-et-de-produits-de-soins-personnels-pour-votre-marque\\\/#primaryimage\"},\"image\":{\"@id\":\"https:\\\/\\\/europelab.ca\\\/fr\\\/naviguer-dans-lindustrie-de-la-beaute-choisir-le-bon-fabricant-de-soins-de-la-peau-et-de-produits-de-soins-personnels-pour-votre-marque\\\/#primaryimage\"},\"thumbnailUrl\":\"https:\\\/\\\/europelab.ca\\\/wp-content\\\/uploads\\\/2023\\\/05\\\/navigating-the-beauty-industry.jpg\",\"datePublished\":\"2023-05-16T14:28:01+00:00\",\"dateModified\":\"2025-04-14T19:49:31+00:00\",\"author\":{\"@id\":\"https:\\\/\\\/europelab.ca\\\/fr\\\/#\\\/schema\\\/person\\\/281d0f87de518f2a068018af04172b56\"},\"description\":\"Le choix du bon fabricant de soins de la peau et de produits de soins personnels est une d\u00e9cision cruciale qui peut avoir un impact significatif sur le succ\u00e8s de votre marque.\",\"breadcrumb\":{\"@id\":\"https:\\\/\\\/europelab.ca\\\/fr\\\/naviguer-dans-lindustrie-de-la-beaute-choisir-le-bon-fabricant-de-soins-de-la-peau-et-de-produits-de-soins-personnels-pour-votre-marque\\\/#breadcrumb\"},\"inLanguage\":\"fr-FR\",\"potentialAction\":[{\"@type\":\"ReadAction\",\"target\":[\"https:\\\/\\\/europelab.ca\\\/fr\\\/naviguer-dans-lindustrie-de-la-beaute-choisir-le-bon-fabricant-de-soins-de-la-peau-et-de-produits-de-soins-personnels-pour-votre-marque\\\/\"]}]},{\"@type\":\"ImageObject\",\"inLanguage\":\"fr-FR\",\"@id\":\"https:\\\/\\\/europelab.ca\\\/fr\\\/naviguer-dans-lindustrie-de-la-beaute-choisir-le-bon-fabricant-de-soins-de-la-peau-et-de-produits-de-soins-personnels-pour-votre-marque\\\/#primaryimage\",\"url\":\"https:\\\/\\\/europelab.ca\\\/wp-content\\\/uploads\\\/2023\\\/05\\\/navigating-the-beauty-industry.jpg\",\"contentUrl\":\"https:\\\/\\\/europelab.ca\\\/wp-content\\\/uploads\\\/2023\\\/05\\\/navigating-the-beauty-industry.jpg\",\"width\":1464,\"height\":826,\"caption\":\"Naviguer dans l'industrie de la beaut\u00e9: choisir le bon fabricant de soins de la peau et de produits de soins personnels pour votre marque\"},{\"@type\":\"BreadcrumbList\",\"@id\":\"https:\\\/\\\/europelab.ca\\\/fr\\\/naviguer-dans-lindustrie-de-la-beaute-choisir-le-bon-fabricant-de-soins-de-la-peau-et-de-produits-de-soins-personnels-pour-votre-marque\\\/#breadcrumb\",\"itemListElement\":[{\"@type\":\"ListItem\",\"position\":1,\"name\":\"Accueil\",\"item\":\"https:\\\/\\\/europelab.ca\\\/fr\\\/\"},{\"@type\":\"ListItem\",\"position\":2,\"name\":\"Naviguer dans l&rsquo;industrie de la beaut\u00e9: choisir le bon fabricant de soins de la peau et de produits de soins personnels pour votre marque\"}]},{\"@type\":\"WebSite\",\"@id\":\"https:\\\/\\\/europelab.ca\\\/fr\\\/#website\",\"url\":\"https:\\\/\\\/europelab.ca\\\/fr\\\/\",\"name\":\"Europelab\",\"description\":\"Private Label, Made Simple.\",\"potentialAction\":[{\"@type\":\"SearchAction\",\"target\":{\"@type\":\"EntryPoint\",\"urlTemplate\":\"https:\\\/\\\/europelab.ca\\\/fr\\\/?s={search_term_string}\"},\"query-input\":{\"@type\":\"PropertyValueSpecification\",\"valueRequired\":true,\"valueName\":\"search_term_string\"}}],\"inLanguage\":\"fr-FR\"},{\"@type\":\"Person\",\"@id\":\"https:\\\/\\\/europelab.ca\\\/fr\\\/#\\\/schema\\\/person\\\/281d0f87de518f2a068018af04172b56\",\"name\":\"Europelab\",\"image\":{\"@type\":\"ImageObject\",\"inLanguage\":\"fr-FR\",\"@id\":\"https:\\\/\\\/secure.gravatar.com\\\/avatar\\\/0e4a03b667829c660ab7bf579ca643d10968191a4cf38db961288c2d5a274279?s=96&d=mm&r=g\",\"url\":\"https:\\\/\\\/secure.gravatar.com\\\/avatar\\\/0e4a03b667829c660ab7bf579ca643d10968191a4cf38db961288c2d5a274279?s=96&d=mm&r=g\",\"contentUrl\":\"https:\\\/\\\/secure.gravatar.com\\\/avatar\\\/0e4a03b667829c660ab7bf579ca643d10968191a4cf38db961288c2d5a274279?s=96&d=mm&r=g\",\"caption\":\"Europelab\"},\"sameAs\":[\"https:\\\/\\\/europelab.ca\"]}]}<\/script>\n<!-- \/ Yoast SEO plugin. -->","yoast_head_json":{"title":"Naviguer dans l'industrie de la beaut\u00e9: choisir le bon fabricant de soins de la peau et de produits de soins personnels pour votre marque - Europelab","description":"Le choix du bon fabricant de soins de la peau et de produits de soins personnels est une d\u00e9cision cruciale qui peut avoir un impact significatif sur le succ\u00e8s de votre marque.","robots":{"index":"index","follow":"follow","max-snippet":"max-snippet:-1","max-image-preview":"max-image-preview:large","max-video-preview":"max-video-preview:-1"},"canonical":"https:\/\/europelab.ca\/fr\/naviguer-dans-lindustrie-de-la-beaute-choisir-le-bon-fabricant-de-soins-de-la-peau-et-de-produits-de-soins-personnels-pour-votre-marque\/","og_locale":"fr_FR","og_type":"article","og_title":"Naviguer dans l'industrie de la beaut\u00e9: choisir le bon fabricant de soins de la peau et de produits de soins personnels pour votre marque - Europelab","og_description":"Le choix du bon fabricant de soins de la peau et de produits de soins personnels est une d\u00e9cision cruciale qui peut avoir un impact significatif sur le succ\u00e8s de votre marque.","og_url":"https:\/\/europelab.ca\/fr\/naviguer-dans-lindustrie-de-la-beaute-choisir-le-bon-fabricant-de-soins-de-la-peau-et-de-produits-de-soins-personnels-pour-votre-marque\/","og_site_name":"Europelab","article_published_time":"2023-05-16T14:28:01+00:00","article_modified_time":"2025-04-14T19:49:31+00:00","og_image":[{"width":1464,"height":826,"url":"https:\/\/europelab.ca\/wp-content\/uploads\/2023\/05\/navigating-the-beauty-industry.jpg","type":"image\/jpeg"}],"author":"Europelab","twitter_card":"summary_large_image","schema":{"@context":"https:\/\/schema.org","@graph":[{"@type":"Article","@id":"https:\/\/europelab.ca\/fr\/naviguer-dans-lindustrie-de-la-beaute-choisir-le-bon-fabricant-de-soins-de-la-peau-et-de-produits-de-soins-personnels-pour-votre-marque\/#article","isPartOf":{"@id":"https:\/\/europelab.ca\/fr\/naviguer-dans-lindustrie-de-la-beaute-choisir-le-bon-fabricant-de-soins-de-la-peau-et-de-produits-de-soins-personnels-pour-votre-marque\/"},"author":{"name":"Europelab","@id":"https:\/\/europelab.ca\/fr\/#\/schema\/person\/281d0f87de518f2a068018af04172b56"},"headline":"Naviguer dans l&rsquo;industrie de la beaut\u00e9: choisir le bon fabricant de soins de la peau et de produits de soins personnels pour votre marque","datePublished":"2023-05-16T14:28:01+00:00","dateModified":"2025-04-14T19:49:31+00:00","mainEntityOfPage":{"@id":"https:\/\/europelab.ca\/fr\/naviguer-dans-lindustrie-de-la-beaute-choisir-le-bon-fabricant-de-soins-de-la-peau-et-de-produits-de-soins-personnels-pour-votre-marque\/"},"wordCount":1776,"commentCount":0,"image":{"@id":"https:\/\/europelab.ca\/fr\/naviguer-dans-lindustrie-de-la-beaute-choisir-le-bon-fabricant-de-soins-de-la-peau-et-de-produits-de-soins-personnels-pour-votre-marque\/#primaryimage"},"thumbnailUrl":"https:\/\/europelab.ca\/wp-content\/uploads\/2023\/05\/navigating-the-beauty-industry.jpg","articleSection":["Formules","Image de marque"],"inLanguage":"fr-FR","potentialAction":[{"@type":"CommentAction","name":"Comment","target":["https:\/\/europelab.ca\/fr\/naviguer-dans-lindustrie-de-la-beaute-choisir-le-bon-fabricant-de-soins-de-la-peau-et-de-produits-de-soins-personnels-pour-votre-marque\/#respond"]}]},{"@type":"WebPage","@id":"https:\/\/europelab.ca\/fr\/naviguer-dans-lindustrie-de-la-beaute-choisir-le-bon-fabricant-de-soins-de-la-peau-et-de-produits-de-soins-personnels-pour-votre-marque\/","url":"https:\/\/europelab.ca\/fr\/naviguer-dans-lindustrie-de-la-beaute-choisir-le-bon-fabricant-de-soins-de-la-peau-et-de-produits-de-soins-personnels-pour-votre-marque\/","name":"Naviguer dans l'industrie de la beaut\u00e9: choisir le bon fabricant de soins de la peau et de produits de soins personnels pour votre marque - Europelab","isPartOf":{"@id":"https:\/\/europelab.ca\/fr\/#website"},"primaryImageOfPage":{"@id":"https:\/\/europelab.ca\/fr\/naviguer-dans-lindustrie-de-la-beaute-choisir-le-bon-fabricant-de-soins-de-la-peau-et-de-produits-de-soins-personnels-pour-votre-marque\/#primaryimage"},"image":{"@id":"https:\/\/europelab.ca\/fr\/naviguer-dans-lindustrie-de-la-beaute-choisir-le-bon-fabricant-de-soins-de-la-peau-et-de-produits-de-soins-personnels-pour-votre-marque\/#primaryimage"},"thumbnailUrl":"https:\/\/europelab.ca\/wp-content\/uploads\/2023\/05\/navigating-the-beauty-industry.jpg","datePublished":"2023-05-16T14:28:01+00:00","dateModified":"2025-04-14T19:49:31+00:00","author":{"@id":"https:\/\/europelab.ca\/fr\/#\/schema\/person\/281d0f87de518f2a068018af04172b56"},"description":"Le choix du bon fabricant de soins de la peau et de produits de soins personnels est une d\u00e9cision cruciale qui peut avoir un impact significatif sur le succ\u00e8s de votre marque.","breadcrumb":{"@id":"https:\/\/europelab.ca\/fr\/naviguer-dans-lindustrie-de-la-beaute-choisir-le-bon-fabricant-de-soins-de-la-peau-et-de-produits-de-soins-personnels-pour-votre-marque\/#breadcrumb"},"inLanguage":"fr-FR","potentialAction":[{"@type":"ReadAction","target":["https:\/\/europelab.ca\/fr\/naviguer-dans-lindustrie-de-la-beaute-choisir-le-bon-fabricant-de-soins-de-la-peau-et-de-produits-de-soins-personnels-pour-votre-marque\/"]}]},{"@type":"ImageObject","inLanguage":"fr-FR","@id":"https:\/\/europelab.ca\/fr\/naviguer-dans-lindustrie-de-la-beaute-choisir-le-bon-fabricant-de-soins-de-la-peau-et-de-produits-de-soins-personnels-pour-votre-marque\/#primaryimage","url":"https:\/\/europelab.ca\/wp-content\/uploads\/2023\/05\/navigating-the-beauty-industry.jpg","contentUrl":"https:\/\/europelab.ca\/wp-content\/uploads\/2023\/05\/navigating-the-beauty-industry.jpg","width":1464,"height":826,"caption":"Naviguer dans l'industrie de la beaut\u00e9: choisir le bon fabricant de soins de la peau et de produits de soins personnels pour votre marque"},{"@type":"BreadcrumbList","@id":"https:\/\/europelab.ca\/fr\/naviguer-dans-lindustrie-de-la-beaute-choisir-le-bon-fabricant-de-soins-de-la-peau-et-de-produits-de-soins-personnels-pour-votre-marque\/#breadcrumb","itemListElement":[{"@type":"ListItem","position":1,"name":"Accueil","item":"https:\/\/europelab.ca\/fr\/"},{"@type":"ListItem","position":2,"name":"Naviguer dans l&rsquo;industrie de la beaut\u00e9: choisir le bon fabricant de soins de la peau et de produits de soins personnels pour votre marque"}]},{"@type":"WebSite","@id":"https:\/\/europelab.ca\/fr\/#website","url":"https:\/\/europelab.ca\/fr\/","name":"Europelab","description":"Private Label, Made Simple.","potentialAction":[{"@type":"SearchAction","target":{"@type":"EntryPoint","urlTemplate":"https:\/\/europelab.ca\/fr\/?s={search_term_string}"},"query-input":{"@type":"PropertyValueSpecification","valueRequired":true,"valueName":"search_term_string"}}],"inLanguage":"fr-FR"},{"@type":"Person","@id":"https:\/\/europelab.ca\/fr\/#\/schema\/person\/281d0f87de518f2a068018af04172b56","name":"Europelab","image":{"@type":"ImageObject","inLanguage":"fr-FR","@id":"https:\/\/secure.gravatar.com\/avatar\/0e4a03b667829c660ab7bf579ca643d10968191a4cf38db961288c2d5a274279?s=96&d=mm&r=g","url":"https:\/\/secure.gravatar.com\/avatar\/0e4a03b667829c660ab7bf579ca643d10968191a4cf38db961288c2d5a274279?s=96&d=mm&r=g","contentUrl":"https:\/\/secure.gravatar.com\/avatar\/0e4a03b667829c660ab7bf579ca643d10968191a4cf38db961288c2d5a274279?s=96&d=mm&r=g","caption":"Europelab"},"sameAs":["https:\/\/europelab.ca"]}]}},"_links":{"self":[{"href":"https:\/\/europelab.ca\/fr\/wp-json\/wp\/v2\/posts\/13959","targetHints":{"allow":["GET"]}}],"collection":[{"href":"https:\/\/europelab.ca\/fr\/wp-json\/wp\/v2\/posts"}],"about":[{"href":"https:\/\/europelab.ca\/fr\/wp-json\/wp\/v2\/types\/post"}],"author":[{"embeddable":true,"href":"https:\/\/europelab.ca\/fr\/wp-json\/wp\/v2\/users\/1"}],"replies":[{"embeddable":true,"href":"https:\/\/europelab.ca\/fr\/wp-json\/wp\/v2\/comments?post=13959"}],"version-history":[{"count":0,"href":"https:\/\/europelab.ca\/fr\/wp-json\/wp\/v2\/posts\/13959\/revisions"}],"wp:featuredmedia":[{"embeddable":true,"href":"https:\/\/europelab.ca\/fr\/wp-json\/wp\/v2\/media\/13955"}],"wp:attachment":[{"href":"https:\/\/europelab.ca\/fr\/wp-json\/wp\/v2\/media?parent=13959"}],"wp:term":[{"taxonomy":"category","embeddable":true,"href":"https:\/\/europelab.ca\/fr\/wp-json\/wp\/v2\/categories?post=13959"},{"taxonomy":"post_tag","embeddable":true,"href":"https:\/\/europelab.ca\/fr\/wp-json\/wp\/v2\/tags?post=13959"}],"curies":[{"name":"wp","href":"https:\/\/api.w.org\/{rel}","templated":true}]}}